{"id":10139,"date":"2023-10-16T09:00:30","date_gmt":"2023-10-16T07:00:30","guid":{"rendered":"https:\/\/www.paragleitclub-steiermark.at\/wp\/?p=10139"},"modified":"2023-10-16T10:34:45","modified_gmt":"2023-10-16T08:34:45","slug":"jahreshauptversammlung-2023-und-herbstfest-im-seecafe-kumberg","status":"publish","type":"post","link":"https:\/\/www.paragleitclub-steiermark.at\/wp\/jahreshauptversammlung-2023-und-herbstfest-im-seecafe-kumberg\/","title":{"rendered":"Jahreshauptversammlung 2023 und Herbstfest im Seecafe Kumberg"},"content":{"rendered":"<div id=\"gwt-uid-46\" class=\"v-customcomponent v-widget v-readonly tc-editor v-customcomponent-tc-editor v-textarea v-customcomponent-v-textarea\">\n<div class=\"v-widget v-readonly tc-editor -tc-editor v-has-width v-has-height medium-editor-placeholder-relative\">\n<p>Liebes PGC Mitglied!<\/p>\n<p>Am <strong>Samstag den 4. November 2023<\/strong> um <strong>17:00<\/strong> Uhr findet unsere <strong>PGC-Jahreshauptversammlung<\/strong> mit anschlie\u00dfender Siegerehrung f\u00fcr 2023 und Herbstfest statt.<\/p>\n<p>Wir laden Dich herzlich dazu ein!<\/p>\n<p>Beginn: 17:00 Uhr im <strong>Seecafe Kumberg<\/strong>, Seeweg 2, in 8062 Kumberg<\/p>\n<p><strong>Tagesordnung:<\/strong><\/p>\n<ol>\n<li>Begr\u00fc\u00dfung durch den Obmann und Feststellung der Beschlussf\u00e4higkeit<\/li>\n<li>Verlesung der Tagesordnung<\/li>\n<li>Jahresr\u00fcckblick<\/li>\n<li>Bericht des Kassiers und der Kassapr\u00fcfer<\/li>\n<li>Entlastung des Kassiers<\/li>\n<li>Antr\u00e4ge der Mitglieder<\/li>\n<li>Allf\u00e4lliges<\/li>\n<li>Entlastung des Vorstandes und Neuwahl des Vorstandes und der Kassapr\u00fcfer<\/li>\n<li>Kommentar des neuen Vorstandes und geplante Aktivit\u00e4ten<\/li>\n<li>Beginn Herbstfest, Er\u00f6ffnung Buffet \ud83d\ude09<\/li>\n<li>Siegerehrung und Ehrungen<\/li>\n<\/ol>\n<p>Die Veranstaltung findet unter Einhaltung der zum Zeitpunkt der Jahreshauptversammlung g\u00fcltigen Corona-Regeln statt.<\/p>\n<p>Allf\u00e4llige Antr\u00e4ge bitte bis sp\u00e4testens Dienstag 31.10.2023 an den Vorstand senden.<\/p>\n<p>Hoch auffi, weit aussi!<\/p>\n<p>Dein PGC Vorstand<\/p>\n<p>Heimo, Gerfried, Bernd, Bernd und Gregor<\/p>\n<\/div>\n<\/div>\n","protected":false},"excerpt":{"rendered":"<p>Liebes PGC Mitglied! Am Samstag den 4. November 2023 um 17:00 Uhr findet unsere PGC-Jahreshauptversammlung mit anschlie\u00dfender Siegerehrung f\u00fcr 2023 und Herbstfest statt. Wir laden Dich herzlich dazu ein! Beginn: 17:00 Uhr im Seecafe Kumberg, Seeweg 2, in 8062 Kumberg Tagesordnung: Begr\u00fc\u00dfung durch den Obmann und Feststellung der Beschlussf\u00e4higkeit Verlesung der Tagesordnung Jahresr\u00fcckblick Bericht des [&#8230;]<\/p>\n","protected":false},"author":1,"featured_media":3214,"comment_status":"open","ping_status":"closed","sticky":false,"template":"","format":"standard","meta":{"footnotes":""},"categories":[75],"tags":[45],"class_list":["post-10139","post","type-post","status-publish","format-standard","has-post-thumbnail","hentry","category-cl","tag-event"],"_links":{"self":[{"href":"https:\/\/www.paragleitclub-steiermark.at\/wp\/wp-json\/wp\/v2\/posts\/10139","targetHints":{"allow":["GET"]}}],"collection":[{"href":"https:\/\/www.paragleitclub-steiermark.at\/wp\/wp-json\/wp\/v2\/posts"}],"about":[{"href":"https:\/\/www.paragleitclub-steiermark.at\/wp\/wp-json\/wp\/v2\/types\/post"}],"author":[{"embeddable":true,"href":"https:\/\/www.paragleitclub-steiermark.at\/wp\/wp-json\/wp\/v2\/users\/1"}],"replies":[{"embeddable":true,"href":"https:\/\/www.paragleitclub-steiermark.at\/wp\/wp-json\/wp\/v2\/comments?post=10139"}],"version-history":[{"count":0,"href":"https:\/\/www.paragleitclub-steiermark.at\/wp\/wp-json\/wp\/v2\/posts\/10139\/revisions"}],"wp:featuredmedia":[{"embeddable":true,"href":"https:\/\/www.paragleitclub-steiermark.at\/wp\/wp-json\/wp\/v2\/media\/3214"}],"wp:attachment":[{"href":"https:\/\/www.paragleitclub-steiermark.at\/wp\/wp-json\/wp\/v2\/media?parent=10139"}],"wp:term":[{"taxonomy":"category","embeddable":true,"href":"https:\/\/www.paragleitclub-steiermark.at\/wp\/wp-json\/wp\/v2\/categories?post=10139"},{"taxonomy":"post_tag","embeddable":true,"href":"https:\/\/www.paragleitclub-steiermark.at\/wp\/wp-json\/wp\/v2\/tags?post=10139"}],"curies":[{"name":"wp","href":"https:\/\/api.w.org\/{rel}","templated":true}]}}