{"id":10701,"date":"2025-05-02T08:27:06","date_gmt":"2025-05-02T06:27:06","guid":{"rendered":"https:\/\/www.paragleitclub-steiermark.at\/wp\/?p=10701"},"modified":"2025-05-12T13:32:19","modified_gmt":"2025-05-12T11:32:19","slug":"tra-freigabe-am-02-05-2025","status":"publish","type":"post","link":"https:\/\/www.paragleitclub-steiermark.at\/wp\/tra-freigabe-am-02-05-2025\/","title":{"rendered":"TRA Freigabe am 02.05.2025"},"content":{"rendered":"<div class=\"postie-post\">TRA lokale Zeit Sch\u00f6ckl, Almenland 09:00 bis 14:00 am 02.05.2025 aktiv.<br \/>\nInformation: Zeltweg nicht besetzt<br \/>\nTRAs m\u00fcssen von allen Piloten zwingend vor Ablauf der angegebenen Zeit verlassen werden!<br \/>\nTRA Verantwortliche Person: Sch\u00fcssler Markus<\/div>\n","protected":false},"excerpt":{"rendered":"<p>TRA lokale Zeit Sch\u00f6ckl, Almenland 09:00 bis 14:00 am 02.05.2025 aktiv. Information: Zeltweg nicht besetzt TRAs m\u00fcssen von allen Piloten zwingend vor Ablauf der angegebenen Zeit verlassen werden! TRA Verantwortliche Person: Sch\u00fcssler Markus<\/p>\n","protected":false},"author":310,"featured_media":0,"comment_status":"open","ping_status":"closed","sticky":false,"template":"","format":"standard","meta":{"footnotes":""},"categories":[67],"tags":[66],"class_list":["post-10701","post","type-post","status-publish","format-standard","hentry","category-tr","tag-tra-freigabe"],"_links":{"self":[{"href":"https:\/\/www.paragleitclub-steiermark.at\/wp\/wp-json\/wp\/v2\/posts\/10701","targetHints":{"allow":["GET"]}}],"collection":[{"href":"https:\/\/www.paragleitclub-steiermark.at\/wp\/wp-json\/wp\/v2\/posts"}],"about":[{"href":"https:\/\/www.paragleitclub-steiermark.at\/wp\/wp-json\/wp\/v2\/types\/post"}],"author":[{"embeddable":true,"href":"https:\/\/www.paragleitclub-steiermark.at\/wp\/wp-json\/wp\/v2\/users\/310"}],"replies":[{"embeddable":true,"href":"https:\/\/www.paragleitclub-steiermark.at\/wp\/wp-json\/wp\/v2\/comments?post=10701"}],"version-history":[{"count":0,"href":"https:\/\/www.paragleitclub-steiermark.at\/wp\/wp-json\/wp\/v2\/posts\/10701\/revisions"}],"wp:attachment":[{"href":"https:\/\/www.paragleitclub-steiermark.at\/wp\/wp-json\/wp\/v2\/media?parent=10701"}],"wp:term":[{"taxonomy":"category","embeddable":true,"href":"https:\/\/www.paragleitclub-steiermark.at\/wp\/wp-json\/wp\/v2\/categories?post=10701"},{"taxonomy":"post_tag","embeddable":true,"href":"https:\/\/www.paragleitclub-steiermark.at\/wp\/wp-json\/wp\/v2\/tags?post=10701"}],"curies":[{"name":"wp","href":"https:\/\/api.w.org\/{rel}","templated":true}]}}