{"id":10747,"date":"2025-06-06T07:58:34","date_gmt":"2025-06-06T05:58:34","guid":{"rendered":"https:\/\/www.paragleitclub-steiermark.at\/wp\/?p=10747"},"modified":"2025-06-12T13:35:34","modified_gmt":"2025-06-12T11:35:34","slug":"tra-6-6-2025","status":"publish","type":"post","link":"https:\/\/www.paragleitclub-steiermark.at\/wp\/tra-6-6-2025\/","title":{"rendered":"TRA 6.6.2025"},"content":{"rendered":"<p>TRA | S-A-B | 09:00 &#8211; 14:00 | 06.06.2025<\/p>\n<p>TRA Freigabe am 6.06.2025 &#8211; angefragt von Paragleiter, H\u00e4ngegleiter, Segelflieger!<\/p>\n<p>TRA Sch\u00f6ckl, Almenland, Bruck von 09:00 bis 14:00 Lokalzeit aktiv.<\/p>\n<p>Befristete TRA: auflebende S\u00fcdwinde werden erwartet.<\/p>\n<p>Es wird sich um eine Verl\u00e4ngerung der angefragten TRA S-A-B bem\u00fcht.<\/p>\n<p>TRAs m\u00fcssen von allen Piloten zwingend vor Ablauf der angegebenen Zeit verlassen werden!<\/p>\n<p>National Airspace Use Plan Austria: https:\/\/www.paragleitclub-steiermark.at\/wp\/tra\/nup<\/p>\n<p>Einzige verbindliche Quelle zu TRA Status ist ATIS: +43517036731<\/p>\n<p>Informationen zu den TRA S-A-B findet ihr unter https:\/\/www.paragleitclub-steiermark.at\/wp\/cat\/tr\/<\/p>\n","protected":false},"excerpt":{"rendered":"<p>TRA | S-A-B | 09:00 &#8211; 14:00 | 06.06.2025 TRA Freigabe am 6.06.2025 &#8211; angefragt von Paragleiter, H\u00e4ngegleiter, Segelflieger! TRA Sch\u00f6ckl, Almenland, Bruck von 09:00 bis 14:00 Lokalzeit aktiv. Befristete TRA: auflebende S\u00fcdwinde werden erwartet. Es wird sich um eine Verl\u00e4ngerung der angefragten TRA S-A-B bem\u00fcht. TRAs m\u00fcssen von allen Piloten zwingend vor Ablauf der [&#8230;]<\/p>\n","protected":false},"author":50,"featured_media":0,"comment_status":"open","ping_status":"closed","sticky":false,"template":"","format":"standard","meta":{"footnotes":""},"categories":[67],"tags":[66],"class_list":["post-10747","post","type-post","status-publish","format-standard","hentry","category-tr","tag-tra-freigabe"],"_links":{"self":[{"href":"https:\/\/www.paragleitclub-steiermark.at\/wp\/wp-json\/wp\/v2\/posts\/10747","targetHints":{"allow":["GET"]}}],"collection":[{"href":"https:\/\/www.paragleitclub-steiermark.at\/wp\/wp-json\/wp\/v2\/posts"}],"about":[{"href":"https:\/\/www.paragleitclub-steiermark.at\/wp\/wp-json\/wp\/v2\/types\/post"}],"author":[{"embeddable":true,"href":"https:\/\/www.paragleitclub-steiermark.at\/wp\/wp-json\/wp\/v2\/users\/50"}],"replies":[{"embeddable":true,"href":"https:\/\/www.paragleitclub-steiermark.at\/wp\/wp-json\/wp\/v2\/comments?post=10747"}],"version-history":[{"count":0,"href":"https:\/\/www.paragleitclub-steiermark.at\/wp\/wp-json\/wp\/v2\/posts\/10747\/revisions"}],"wp:attachment":[{"href":"https:\/\/www.paragleitclub-steiermark.at\/wp\/wp-json\/wp\/v2\/media?parent=10747"}],"wp:term":[{"taxonomy":"category","embeddable":true,"href":"https:\/\/www.paragleitclub-steiermark.at\/wp\/wp-json\/wp\/v2\/categories?post=10747"},{"taxonomy":"post_tag","embeddable":true,"href":"https:\/\/www.paragleitclub-steiermark.at\/wp\/wp-json\/wp\/v2\/tags?post=10747"}],"curies":[{"name":"wp","href":"https:\/\/api.w.org\/{rel}","templated":true}]}}