{"id":829,"date":"2012-04-13T08:06:36","date_gmt":"2012-04-13T07:06:36","guid":{"rendered":"http:\/\/www.paragleitclub-steiermark.at\/wp\/?p=829"},"modified":"2014-04-22T02:49:39","modified_gmt":"2014-04-22T01:49:39","slug":"clubmeisterschaft-2012-task-2","status":"publish","type":"post","link":"https:\/\/www.paragleitclub-steiermark.at\/wp\/clubmeisterschaft-2012-task-2\/","title":{"rendered":"Clubmeisterschaft 2012 \u2013 Task 2 &#8211; abgesagt"},"content":{"rendered":"<p><strong>Wettbewerb abgesagt<\/strong><\/p>\n<p>Folgende Meldungen erreichen uns eben aus dem Vorzimmer von <a href=\"http:\/\/de.wikipedia.org\/wiki\/Simon_Petrus#Petrus_in_Volksglauben_und_Brauchtum\" target=\"_blank\">St. Petrus (ff. &#8222;Regenwetter&#8220;)<\/a>:<\/p>\n<pre>SA:\r\nEin ausgedehntes Mittelmeertief verlagert sein Zentrum vom\r\nTyrrhenischen zum Adriatischen Meer. Dadurch verbleibt der gesamte\r\nAlpenraum im Bereich kompakter, hochreichender Bew\u00f6lkung mit Regen\r\nbzw. eingelagerten Regenschauern. Die Berge und P\u00e4sse sind ganztags\r\neingeh\u00fcllt. Signifikante Vereisungsgefahr.\r\n\r\nSO:\r\nDer Tiefkern zieht nach Ungarn, \u00d6sterreich bleibt jedoch im\r\nOkklusionsbereich einer zugeh\u00f6rigen Frontalzone. Somit weiterhin\r\ntiefbasige, die Berge und P\u00e4sse einh\u00fcllende Bew\u00f6lkung und\r\nverbreitet Niederschlaege. Auflebende Winde aus Nordost.<\/pre>\n<p>Schaut also eher ned nach Meister-Wetter aus &#8211; endg\u00fcltige Entscheidung der Rennleitung erfolgt wie \u00fcblich via SMS\/hier.<\/p>\n<p>Hauptsoch..<\/p>\n","protected":false},"excerpt":{"rendered":"<p>Wettbewerb abgesagt &#8211; die WetterHeiligen..<\/p>\n","protected":false},"author":1,"featured_media":1192,"comment_status":"open","ping_status":"closed","sticky":false,"template":"","format":"standard","meta":{"footnotes":""},"categories":[13],"tags":[8],"class_list":["post-829","post","type-post","status-publish","format-standard","has-post-thumbnail","hentry","category-cm","tag-wett-fliegen"],"_links":{"self":[{"href":"https:\/\/www.paragleitclub-steiermark.at\/wp\/wp-json\/wp\/v2\/posts\/829","targetHints":{"allow":["GET"]}}],"collection":[{"href":"https:\/\/www.paragleitclub-steiermark.at\/wp\/wp-json\/wp\/v2\/posts"}],"about":[{"href":"https:\/\/www.paragleitclub-steiermark.at\/wp\/wp-json\/wp\/v2\/types\/post"}],"author":[{"embeddable":true,"href":"https:\/\/www.paragleitclub-steiermark.at\/wp\/wp-json\/wp\/v2\/users\/1"}],"replies":[{"embeddable":true,"href":"https:\/\/www.paragleitclub-steiermark.at\/wp\/wp-json\/wp\/v2\/comments?post=829"}],"version-history":[{"count":0,"href":"https:\/\/www.paragleitclub-steiermark.at\/wp\/wp-json\/wp\/v2\/posts\/829\/revisions"}],"wp:featuredmedia":[{"embeddable":true,"href":"https:\/\/www.paragleitclub-steiermark.at\/wp\/wp-json\/wp\/v2\/media\/1192"}],"wp:attachment":[{"href":"https:\/\/www.paragleitclub-steiermark.at\/wp\/wp-json\/wp\/v2\/media?parent=829"}],"wp:term":[{"taxonomy":"category","embeddable":true,"href":"https:\/\/www.paragleitclub-steiermark.at\/wp\/wp-json\/wp\/v2\/categories?post=829"},{"taxonomy":"post_tag","embeddable":true,"href":"https:\/\/www.paragleitclub-steiermark.at\/wp\/wp-json\/wp\/v2\/tags?post=829"}],"curies":[{"name":"wp","href":"https:\/\/api.w.org\/{rel}","templated":true}]}}