{"id":8311,"date":"2018-07-14T09:03:21","date_gmt":"2018-07-14T08:03:21","guid":{"rendered":"http:\/\/www.paragleitclub-steiermark.at\/wp\/?p=8311"},"modified":"2018-07-25T15:40:32","modified_gmt":"2018-07-25T14:40:32","slug":"tra-freigabe-am-14-07-2018","status":"publish","type":"post","link":"https:\/\/www.paragleitclub-steiermark.at\/wp\/tra-freigabe-am-14-07-2018\/","title":{"rendered":"TRA Freigabe am 14.07.2018"},"content":{"rendered":"<p>Alle drei Tras also Almenland und Bruck von 11:00 lokal bis 14:00 lokal aktiv. Grund f\u00fcr die eingeschr\u00e4nkte Freigabe ist eine ausgesprochene Gewitterfront &#8211; bei Bedarf k\u00f6nnen wir um eine Verl\u00e4ngerung ansuchen. Da ich nicht vor Ort bin bitte ich um ein Wetterinfo um 13:30 &#8211; ob eine Verl\u00e4ngerung sinnvoll ist.<\/p>\n<p>Verantwortlicher Controller der Freigabe Herr Riedel verantwortlicher Ansprechpartner Paragleiter J\u00fcrgen Gottlieb<\/p>\n","protected":false},"excerpt":{"rendered":"<p>Alle drei Tras also Almenland und Bruck von 11:00 lokal bis 14:00 lokal aktiv. Grund f\u00fcr die eingeschr\u00e4nkte Freigabe ist eine ausgesprochene Gewitterfront &#8211; bei Bedarf k\u00f6nnen wir um eine Verl\u00e4ngerung ansuchen. Da ich nicht vor Ort bin bitte ich um ein Wetterinfo um 13:30 &#8211; ob eine Verl\u00e4ngerung sinnvoll ist. Verantwortlicher Controller der Freigabe [&#8230;]<\/p>\n","protected":false},"author":50,"featured_media":0,"comment_status":"open","ping_status":"closed","sticky":false,"template":"","format":"standard","meta":{"footnotes":""},"categories":[67],"tags":[66],"class_list":["post-8311","post","type-post","status-publish","format-standard","hentry","category-tr","tag-tra-freigabe"],"_links":{"self":[{"href":"https:\/\/www.paragleitclub-steiermark.at\/wp\/wp-json\/wp\/v2\/posts\/8311","targetHints":{"allow":["GET"]}}],"collection":[{"href":"https:\/\/www.paragleitclub-steiermark.at\/wp\/wp-json\/wp\/v2\/posts"}],"about":[{"href":"https:\/\/www.paragleitclub-steiermark.at\/wp\/wp-json\/wp\/v2\/types\/post"}],"author":[{"embeddable":true,"href":"https:\/\/www.paragleitclub-steiermark.at\/wp\/wp-json\/wp\/v2\/users\/50"}],"replies":[{"embeddable":true,"href":"https:\/\/www.paragleitclub-steiermark.at\/wp\/wp-json\/wp\/v2\/comments?post=8311"}],"version-history":[{"count":0,"href":"https:\/\/www.paragleitclub-steiermark.at\/wp\/wp-json\/wp\/v2\/posts\/8311\/revisions"}],"wp:attachment":[{"href":"https:\/\/www.paragleitclub-steiermark.at\/wp\/wp-json\/wp\/v2\/media?parent=8311"}],"wp:term":[{"taxonomy":"category","embeddable":true,"href":"https:\/\/www.paragleitclub-steiermark.at\/wp\/wp-json\/wp\/v2\/categories?post=8311"},{"taxonomy":"post_tag","embeddable":true,"href":"https:\/\/www.paragleitclub-steiermark.at\/wp\/wp-json\/wp\/v2\/tags?post=8311"}],"curies":[{"name":"wp","href":"https:\/\/api.w.org\/{rel}","templated":true}]}}