{"id":8863,"date":"2019-07-09T15:25:31","date_gmt":"2019-07-09T13:25:31","guid":{"rendered":"https:\/\/www.paragleitclub-steiermark.at\/wp\/?p=8863"},"modified":"2019-08-19T10:05:24","modified_gmt":"2019-08-19T08:05:24","slug":"alljaehrliches-sensenmannfrautreffen-2019","status":"publish","type":"post","link":"https:\/\/www.paragleitclub-steiermark.at\/wp\/alljaehrliches-sensenmannfrautreffen-2019\/","title":{"rendered":"Allj\u00e4hrliches SensenMannFrauTreffen 2019"},"content":{"rendered":"<p>Hallo Fliegerkollegen und innen!<\/p>\n<p>Morgen Mittwoch am 10.07.2019 gibt\u2019s wieder unser allj\u00e4hrliches M\u00e4hen am S\u00fcd-Ost Startplatz. Treffpunkt ist um 16:00 am Startplatz. Wer Zeit hat. Zwei oder drei Helferlein werden noch gebraucht. 2 Motorm\u00e4her, 2 Rechen und Scheibtruhe sind im Einsatz.<\/p>\n<p>Fly High!<\/p>\n<p>&nbsp;<\/p>\n","protected":false},"excerpt":{"rendered":"<p>Hallo Fliegerkollegen und innen! Morgen Mittwoch am 10.07.2019 gibt\u2019s wieder unser allj\u00e4hrliches M\u00e4hen am S\u00fcd-Ost Startplatz. Treffpunkt ist um 16:00 am Startplatz. Wer Zeit hat. Zwei oder drei Helferlein werden noch gebraucht. 2 Motorm\u00e4her, 2 Rechen und Scheibtruhe sind im Einsatz. Fly High! &nbsp;<\/p>\n","protected":false},"author":1,"featured_media":1433,"comment_status":"open","ping_status":"closed","sticky":false,"template":"","format":"standard","meta":{"footnotes":""},"categories":[56],"tags":[11],"class_list":["post-8863","post","type-post","status-publish","format-standard","has-post-thumbnail","hentry","category-ne","tag-schoeckl-fliegen"],"_links":{"self":[{"href":"https:\/\/www.paragleitclub-steiermark.at\/wp\/wp-json\/wp\/v2\/posts\/8863","targetHints":{"allow":["GET"]}}],"collection":[{"href":"https:\/\/www.paragleitclub-steiermark.at\/wp\/wp-json\/wp\/v2\/posts"}],"about":[{"href":"https:\/\/www.paragleitclub-steiermark.at\/wp\/wp-json\/wp\/v2\/types\/post"}],"author":[{"embeddable":true,"href":"https:\/\/www.paragleitclub-steiermark.at\/wp\/wp-json\/wp\/v2\/users\/1"}],"replies":[{"embeddable":true,"href":"https:\/\/www.paragleitclub-steiermark.at\/wp\/wp-json\/wp\/v2\/comments?post=8863"}],"version-history":[{"count":0,"href":"https:\/\/www.paragleitclub-steiermark.at\/wp\/wp-json\/wp\/v2\/posts\/8863\/revisions"}],"wp:featuredmedia":[{"embeddable":true,"href":"https:\/\/www.paragleitclub-steiermark.at\/wp\/wp-json\/wp\/v2\/media\/1433"}],"wp:attachment":[{"href":"https:\/\/www.paragleitclub-steiermark.at\/wp\/wp-json\/wp\/v2\/media?parent=8863"}],"wp:term":[{"taxonomy":"category","embeddable":true,"href":"https:\/\/www.paragleitclub-steiermark.at\/wp\/wp-json\/wp\/v2\/categories?post=8863"},{"taxonomy":"post_tag","embeddable":true,"href":"https:\/\/www.paragleitclub-steiermark.at\/wp\/wp-json\/wp\/v2\/tags?post=8863"}],"curies":[{"name":"wp","href":"https:\/\/api.w.org\/{rel}","templated":true}]}}