{"id":9817,"date":"2022-06-15T10:54:00","date_gmt":"2022-06-15T08:54:00","guid":{"rendered":"https:\/\/www.paragleitclub-steiermark.at\/wp\/?p=9817"},"modified":"2022-06-24T11:01:32","modified_gmt":"2022-06-24T09:01:32","slug":"tra-freigabe-am-15-06-2022","status":"publish","type":"post","link":"https:\/\/www.paragleitclub-steiermark.at\/wp\/tra-freigabe-am-15-06-2022\/","title":{"rendered":"TRA Freigabe am 15.06.2022"},"content":{"rendered":"<div class=\"postie-post\">? ?TRA\u2018s Sch\u00f6ckl, Almenland von 10:48 bis 15:00 aktiv.<br \/>\nTRA Bruck bis 17:00 TRA Verantwortlicher f\u00fcr PGC ist Markus Sch\u00fcssler<\/div>\n","protected":false},"excerpt":{"rendered":"<p>? ?TRA\u2018s Sch\u00f6ckl, Almenland von 10:48 bis 15:00 aktiv. TRA Bruck bis 17:00 TRA Verantwortlicher f\u00fcr PGC ist Markus Sch\u00fcssler<\/p>\n","protected":false},"author":310,"featured_media":0,"comment_status":"open","ping_status":"closed","sticky":false,"template":"","format":"standard","meta":{"footnotes":""},"categories":[67],"tags":[66],"class_list":["post-9817","post","type-post","status-publish","format-standard","hentry","category-tr","tag-tra-freigabe"],"_links":{"self":[{"href":"https:\/\/www.paragleitclub-steiermark.at\/wp\/wp-json\/wp\/v2\/posts\/9817","targetHints":{"allow":["GET"]}}],"collection":[{"href":"https:\/\/www.paragleitclub-steiermark.at\/wp\/wp-json\/wp\/v2\/posts"}],"about":[{"href":"https:\/\/www.paragleitclub-steiermark.at\/wp\/wp-json\/wp\/v2\/types\/post"}],"author":[{"embeddable":true,"href":"https:\/\/www.paragleitclub-steiermark.at\/wp\/wp-json\/wp\/v2\/users\/310"}],"replies":[{"embeddable":true,"href":"https:\/\/www.paragleitclub-steiermark.at\/wp\/wp-json\/wp\/v2\/comments?post=9817"}],"version-history":[{"count":0,"href":"https:\/\/www.paragleitclub-steiermark.at\/wp\/wp-json\/wp\/v2\/posts\/9817\/revisions"}],"wp:attachment":[{"href":"https:\/\/www.paragleitclub-steiermark.at\/wp\/wp-json\/wp\/v2\/media?parent=9817"}],"wp:term":[{"taxonomy":"category","embeddable":true,"href":"https:\/\/www.paragleitclub-steiermark.at\/wp\/wp-json\/wp\/v2\/categories?post=9817"},{"taxonomy":"post_tag","embeddable":true,"href":"https:\/\/www.paragleitclub-steiermark.at\/wp\/wp-json\/wp\/v2\/tags?post=9817"}],"curies":[{"name":"wp","href":"https:\/\/api.w.org\/{rel}","templated":true}]}}